{"id":557,"date":"2015-09-30T20:29:29","date_gmt":"2015-09-30T18:29:29","guid":{"rendered":"http:\/\/trachtenkapelle-kinzigtal.de\/?p=557"},"modified":"2021-11-09T20:01:35","modified_gmt":"2021-11-09T18:01:35","slug":"beitrittserklaerung","status":"publish","type":"post","link":"https:\/\/trachtenkapelle-kinzigtal.de\/?p=557","title":{"rendered":"Beitrittserkl\u00e4rung"},"content":{"rendered":"<p>Liebe Freunde und G\u00f6nner der Trachtenkapelle Kinzigtal e.V.,<\/p>\n<p>w\u00fcrden Sie\u00a0gerne unseren Verein\u00a0unterst\u00fctzen?<\/p>\n<p>Wir w\u00fcrden uns sehr \u00fcber weitere\u00a0passive Mitglieder in unserem Verein freuen! \ud83d\ude42<\/p>\n<p><a href=\"https:\/\/trachtenkapelle-kinzigtal.de\/wp-content\/uploads\/2021\/11\/SEPA-Lastschriftmandat.png\"><img loading=\"lazy\" decoding=\"async\" class=\"alignnone wp-image-2076 size-medium\" src=\"https:\/\/trachtenkapelle-kinzigtal.de\/wp-content\/uploads\/2021\/11\/SEPA-Lastschriftmandat-424x600.png\" alt=\"\" width=\"424\" height=\"600\" srcset=\"https:\/\/trachtenkapelle-kinzigtal.de\/wp-content\/uploads\/2021\/11\/SEPA-Lastschriftmandat-424x600.png 424w, https:\/\/trachtenkapelle-kinzigtal.de\/wp-content\/uploads\/2021\/11\/SEPA-Lastschriftmandat-724x1024.png 724w, https:\/\/trachtenkapelle-kinzigtal.de\/wp-content\/uploads\/2021\/11\/SEPA-Lastschriftmandat-768x1086.png 768w, https:\/\/trachtenkapelle-kinzigtal.de\/wp-content\/uploads\/2021\/11\/SEPA-Lastschriftmandat-1086x1536.png 1086w, https:\/\/trachtenkapelle-kinzigtal.de\/wp-content\/uploads\/2021\/11\/SEPA-Lastschriftmandat-1448x2048.png 1448w, https:\/\/trachtenkapelle-kinzigtal.de\/wp-content\/uploads\/2021\/11\/SEPA-Lastschriftmandat.png 1654w\" sizes=\"auto, (max-width: 424px) 100vw, 424px\" \/><\/a><\/p>\n<p><em>Hier gibt&#8217;s die Beitrittserkl\u00e4rung zur passiven Mitgliedschaft zum Downloaden und Ausdrucken:<\/em><\/p>\n<p><a href=\"https:\/\/trachtenkapelle-kinzigtal.de\/wp-content\/uploads\/2021\/11\/SEPA-Lastschriftmandat.doc\">Beitrittserkl\u00e4rung<\/a><\/p>\n<p>Mit freundlichen Gr\u00fc\u00dfen,<br \/>\nIhre Trachtenkapelle Kinzigtal e.V.<\/p>\n","protected":false},"excerpt":{"rendered":"<div class=\"mh-excerpt\"><p>Liebe Freunde und G\u00f6nner der Trachtenkapelle Kinzigtal e.V., w\u00fcrden Sie\u00a0gerne unseren Verein\u00a0unterst\u00fctzen? Wir w\u00fcrden uns sehr \u00fcber weitere\u00a0passive Mitglieder in unserem Verein freuen! \ud83d\ude42 Hier <a class=\"mh-excerpt-more\" href=\"https:\/\/trachtenkapelle-kinzigtal.de\/?p=557\" title=\"Beitrittserkl\u00e4rung\">[&#8230;]<\/a><\/p>\n<\/div>","protected":false},"author":1,"featured_media":0,"comment_status":"closed","ping_status":"closed","sticky":false,"template":"","format":"standard","meta":{"footnotes":""},"categories":[9],"tags":[],"class_list":["post-557","post","type-post","status-publish","format-standard","hentry","category-neues-trachtenkapelle"],"_links":{"self":[{"href":"https:\/\/trachtenkapelle-kinzigtal.de\/index.php?rest_route=\/wp\/v2\/posts\/557","targetHints":{"allow":["GET"]}}],"collection":[{"href":"https:\/\/trachtenkapelle-kinzigtal.de\/index.php?rest_route=\/wp\/v2\/posts"}],"about":[{"href":"https:\/\/trachtenkapelle-kinzigtal.de\/index.php?rest_route=\/wp\/v2\/types\/post"}],"author":[{"embeddable":true,"href":"https:\/\/trachtenkapelle-kinzigtal.de\/index.php?rest_route=\/wp\/v2\/users\/1"}],"replies":[{"embeddable":true,"href":"https:\/\/trachtenkapelle-kinzigtal.de\/index.php?rest_route=%2Fwp%2Fv2%2Fcomments&post=557"}],"version-history":[{"count":7,"href":"https:\/\/trachtenkapelle-kinzigtal.de\/index.php?rest_route=\/wp\/v2\/posts\/557\/revisions"}],"predecessor-version":[{"id":2081,"href":"https:\/\/trachtenkapelle-kinzigtal.de\/index.php?rest_route=\/wp\/v2\/posts\/557\/revisions\/2081"}],"wp:attachment":[{"href":"https:\/\/trachtenkapelle-kinzigtal.de\/index.php?rest_route=%2Fwp%2Fv2%2Fmedia&parent=557"}],"wp:term":[{"taxonomy":"category","embeddable":true,"href":"https:\/\/trachtenkapelle-kinzigtal.de\/index.php?rest_route=%2Fwp%2Fv2%2Fcategories&post=557"},{"taxonomy":"post_tag","embeddable":true,"href":"https:\/\/trachtenkapelle-kinzigtal.de\/index.php?rest_route=%2Fwp%2Fv2%2Ftags&post=557"}],"curies":[{"name":"wp","href":"https:\/\/api.w.org\/{rel}","templated":true}]}}